{"id":19640,"date":"2011-05-05T09:25:35","date_gmt":"2011-05-05T07:25:35","guid":{"rendered":"https:\/\/persolog.com\/blog\/die-4-dimensionen-der-selbstfuehrung\/"},"modified":"2024-04-24T09:08:26","modified_gmt":"2024-04-24T07:08:26","slug":"the-4-dimensions-of-self-leadership","status":"publish","type":"post","link":"https:\/\/persolog.com\/pl\/blog\/the-4-dimensions-of-self-leadership\/","title":{"rendered":"Cztery wymiary samoprzyw\u00f3dztwa"},"content":{"rendered":"<div data-elementor-type=\"wp-post\" data-elementor-id=\"19640\" class=\"elementor elementor-19640\" data-elementor-post-type=\"post\">\n\t\t\t\t<div class=\"elementor-element elementor-element-569f6f54 e-flex e-con-boxed e-con e-parent\" data-id=\"569f6f54\" data-element_type=\"container\" data-e-type=\"container\" data-settings=\"{&quot;jet_parallax_layout_list&quot;:[]}\">\n\t\t\t\t\t<div class=\"e-con-inner\">\n\t\t\t\t<div class=\"elementor-element elementor-element-736e777b elementor-widget elementor-widget-text-editor\" data-id=\"736e777b\" data-element_type=\"widget\" data-e-type=\"widget\" data-widget_type=\"text-editor.default\">\n\t\t\t\t<div class=\"elementor-widget-container\">\n\t\t\t\t\t\t\t\t\t<p class=\"translation-block\">Kto prowadzi siebie, \u017cyje autonomicznie. Dostosowuje swoje my\u015bli, uczucia i dzia\u0142ania do osobistych cel\u00f3w. Zmieniaj\u0105 je i rozwijaj\u0105. Potrzebuj\u0105 do tego kompetencji w <a href=\"https:\/\/persolog.com\/pl\/persolog-self-leadership-model\/\" target=\"_blank\" rel=\"noopener\">czterech wymiarach samoprzyw\u00f3dztwa.<\/a>.<\/p>\n<h2>\u00a0<\/h2>\n<h2><span style=\"font-size: 1em; font-weight: bold;\">Cztery wymiary samoprzyw\u00f3dztwa<\/span><\/h2>\n<p>\u00a0<\/p>\n<p>Nie tylko w przypadku lider\u00f3w, ale niemal wsz\u0119dzie, wymagania stawiane przed nami rosn\u0105. Ze starymi nawykami my\u015blenia i zachowania nie jeste\u015bmy ju\u017c w stanie im sprosta\u0107. Po prostu wykonujemy zadania, zamiast je realizowa\u0107 i kszta\u0142towa\u0107. Brakuje nam strategii, kt\u00f3re pomog\u0105 nam nie straci\u0107 z oczu naszych osobistych cel\u00f3w i potrzeb. Aby je rozwin\u0105\u0107, musimy zaj\u0105\u0107 si\u0119 kwesti\u0105 samoprzyw\u00f3dztwa. Istniej\u0105 cztery podstawowe wymiary kompetencji w zakresie samoprzyw\u00f3dztwa.<\/p>\n<h3><strong>1. Wymiar: Samoprzyw\u00f3dztwo poznawcze<\/strong><\/h3>\n<p>Samoprzyw\u00f3dztwo poznawcze opiera si\u0119 na \u015bwiadomym badaniu podstawowych cel\u00f3w osobistych zar\u00f3wno w kontek\u015bcie zawodowym, jak i prywatnym. Wiele sytuacji, kt\u00f3re pocz\u0105tkowo wydaj\u0105 si\u0119 utrudnia\u0107 nam osi\u0105gni\u0119cie naszych cel\u00f3w, prawie zawsze zawiera elementy, kt\u00f3re przyczyniaj\u0105 si\u0119 do ich realizacji. Zadania staj\u0105 si\u0119 wtedy mniej obci\u0105\u017ceniem lub irytuj\u0105cym obowi\u0105zkiem, a raczej krokiem w kierunku osi\u0105gni\u0119cia osobistego celu.<\/p>\n<p>Aby zbudowa\u0107 kompetencje w tym wymiarze przyw\u00f3dztwa, odpowiednie s\u0105 strategie przezwyci\u0119\u017cania istniej\u0105cych blokad mentalnych, prze\u0142amywania schemat\u00f3w my\u015blowych, skuteczne strategie wyznaczania cel\u00f3w i strategie kontroli si\u0142y woli.<strong><br \/><\/strong><\/p>\n<h3><strong>2. Wymiar: Emocjonalne Samoprzyw\u00f3dztwo<\/strong><\/h3>\n<p>Zadania wyzwalaj\u0105 w nas silne lub mniej intensywne emocje, wp\u0142ywaj\u0105c na wykonanie zadania. Na przyk\u0142ad negatywne emocje mog\u0105 by\u0107 demotywuj\u0105ce. Samokontrola emocjonalna ma na celu wzmocnienie motywacji poprzez kojarzenie pozytywnych emocji lub wydarze\u0144 z zadaniem, \u015bwiadome ich prze\u017cywanie lub wyobra\u017canie sobie ich w przysz\u0142o\u015bci.<\/p>\n<p>Aby budowa\u0107 kompetencje w tym wymiarze przyw\u00f3dztwa, odpowiednia jest kontrola motywacji i regulacja emocjonalna.<\/p>\n<h3><strong>3. Wymiar: Samoprzyw\u00f3dztwo skoncentrowane na zachowaniu<\/strong><\/h3>\n<p>Tak jak stopniowo zakorzeni\u0142y si\u0119 w nas wzorce my\u015blowe, tak samo zakorzeni\u0142y si\u0119 w nas wzorce zachowa\u0144. Chocia\u017c zachowania te mog\u0105 by\u0107 odpowiednie do radzenia sobie z sytuacjami, niekoniecznie s\u0105 one ukierunkowane na skuteczne i trwa\u0142e ich opanowanie. Staje si\u0119 to szczeg\u00f3lnie widoczne w trudnych sytuacjach, w kt\u00f3rych niew\u0142a\u015bciwe post\u0119powanie mo\u017ce nast\u0105pi\u0107 szybko, poniewa\u017c konsekwencje alternatywnych zachowa\u0144 nie s\u0105 rozwa\u017cane.<\/p>\n<p>Aby budowa\u0107 kompetencje w tym wymiarze przyw\u00f3dztwa, konieczne s\u0105 strategie skutecznego kszta\u0142towania \u015brodowiska i adaptacji zachowa\u0144.<\/p>\n<h3><strong>4. Wymiar: Fizyczne Samoprzyw\u00f3dztwo<\/strong><\/h3>\n<p>Nasze cia\u0142o stanowi podstaw\u0119 skutecznego dzia\u0142ania. Dlatego radzenie sobie z nim musi by\u0107 cz\u0119\u015bci\u0105 skutecznego przyw\u00f3dztwa. Techniki relaksacyjne i oddechowe, \u0107wiczenia i od\u017cywianie to trzy g\u0142\u00f3wne elementy.<\/p>\n<p>Aby budowa\u0107 kompetencje w tym wymiarze przyw\u00f3dztwa, zaleca si\u0119 budowanie \u015bwiadomego zarz\u0105dzania witalno\u015bci\u0105.<\/p>\n\n<div class=\"\\&quot;wp-block-spacer\\&quot;\" style=\"0height: 20px\\&quot;;\" aria-hidden=\"\\&quot;true\\&quot;\">\u00a0<\/div>\n\n<h4 class=\"wp-block-heading\">Jest jeszcze wiele do odkrycia na temat przyw\u00f3dztwa:<\/h4>\n\n<p class=\"translation-block\">W <strong><a href=\"https:\/\/academy.persolog.de\/webinar-trainings-business?utm_source=blog&amp;utm_medium=anzeige\" target=\"_self\">tym bezp\u0142atnym webinarium<\/a><\/strong>, Debora Karsch przedstawi Pa\u0144stwu 7 zasad, kt\u00f3re pozwol\u0105 rozwin\u0105\u0107 Pa\u0144stwa biznes szkoleniowy. Prosz\u0119 skorzysta\u0107 z do\u015bwiadczenia Debory jako przedsi\u0119biorcy, trenera i dyrektora generalnego persolog.<\/p>\n\n<div class=\"\\&quot;wp-block-media-text\" style=\"0grid-template-columns: 42%;\">\n<figure class=\"\\&quot;wp-block-media-text__media\\&quot;\"><\/figure>\n<div class=\"\\&quot;wp-block-media-text__content\\&quot;\"><\/div>\n<\/div>\n\n<p>\u00a0<\/p>\t\t\t\t\t\t\t\t<\/div>\n\t\t\t\t<\/div>\n\t\t\t\t\t<\/div>\n\t\t\t\t<\/div>\n\t\t\t\t<\/div>","protected":false},"excerpt":{"rendered":"<p class=\"translation-block\">Kto prowadzi siebie, \u017cyje autonomicznie. Dostosowuje swoje my\u015bli, uczucia i dzia\u0142ania do osobistych cel\u00f3w. Zmieniaj\u0105 je i rozwijaj\u0105. Potrzebuj\u0105 do tego kompetencji w <a href=\"https:\/\/persolog.com\/pl\/persolog-self-leadership-model\/\" target=\"_blank\" rel=\"noopener\">czterech wymiarach samoprzyw\u00f3dztwa.<\/a>.<\/p>","protected":false},"author":1,"featured_media":26229,"comment_status":"open","ping_status":"open","sticky":false,"template":"","format":"standard","meta":{"_acf_changed":false,"site-sidebar-layout":"default","site-content-layout":"","ast-site-content-layout":"default","site-content-style":"default","site-sidebar-style":"default","ast-global-header-display":"","ast-banner-title-visibility":"","ast-main-header-display":"","ast-hfb-above-header-display":"","ast-hfb-below-header-display":"","ast-hfb-mobile-header-display":"","site-post-title":"","ast-breadcrumbs-content":"","ast-featured-img":"","footer-sml-layout":"","ast-disable-related-posts":"","theme-transparent-header-meta":"","adv-header-id-meta":"","stick-header-meta":"","header-above-stick-meta":"","header-main-stick-meta":"","header-below-stick-meta":"","astra-migrate-meta-layouts":"set","ast-page-background-enabled":"default","ast-page-background-meta":{"desktop":{"background-color":"var(--ast-global-color-4)","background-image":"","background-repeat":"repeat","background-position":"center center","background-size":"auto","background-attachment":"scroll","background-type":"","background-media":"","overlay-type":"","overlay-color":"","overlay-opacity":"","overlay-gradient":""},"tablet":{"background-color":"","background-image":"","background-repeat":"repeat","background-position":"center center","background-size":"auto","background-attachment":"scroll","background-type":"","background-media":"","overlay-type":"","overlay-color":"","overlay-opacity":"","overlay-gradient":""},"mobile":{"background-color":"","background-image":"","background-repeat":"repeat","background-position":"center center","background-size":"auto","background-attachment":"scroll","background-type":"","background-media":"","overlay-type":"","overlay-color":"","overlay-opacity":"","overlay-gradient":""}},"ast-content-background-meta":{"desktop":{"background-color":"var(--ast-global-color-5)","background-image":"","background-repeat":"repeat","background-position":"center center","background-size":"auto","background-attachment":"scroll","background-type":"","background-media":"","overlay-type":"","overlay-color":"","overlay-opacity":"","overlay-gradient":""},"tablet":{"background-color":"var(--ast-global-color-5)","background-image":"","background-repeat":"repeat","background-position":"center center","background-size":"auto","background-attachment":"scroll","background-type":"","background-media":"","overlay-type":"","overlay-color":"","overlay-opacity":"","overlay-gradient":""},"mobile":{"background-color":"var(--ast-global-color-5)","background-image":"","background-repeat":"repeat","background-position":"center center","background-size":"auto","background-attachment":"scroll","background-type":"","background-media":"","overlay-type":"","overlay-color":"","overlay-opacity":"","overlay-gradient":""}},"footnotes":""},"categories":[1429],"tags":[329,330,271],"class_list":["post-19640","post","type-post","status-publish","format-standard","has-post-thumbnail","hentry","category-self-leadership","tag-dimensionen","tag-selbstfuehrung","tag-selbstmanagement"],"acf":[],"yoast_head":"<!-- This site is optimized with the Yoast SEO Premium plugin v27.3 (Yoast SEO v27.4) - https:\/\/yoast.com\/product\/yoast-seo-premium-wordpress\/ -->\n<title>The Four Dimensions of Self-Leadership \u2013 persolog Blog<\/title>\n<meta name=\"description\" content=\"Blog | Discover the four dimensions of self-leadership: cognitive, emotional, behavioral, and physical. Enhance personal growth &gt;&gt;\" \/>\n<meta name=\"robots\" content=\"index, follow, max-snippet:-1, max-image-preview:large, max-video-preview:-1\" \/>\n<link rel=\"canonical\" href=\"https:\/\/persolog.com\/pl\/blog\/the-4-dimensions-of-self-leadership\/\" \/>\n<meta property=\"og:locale\" content=\"pl_PL\" \/>\n<meta property=\"og:type\" content=\"article\" \/>\n<meta property=\"og:title\" content=\"The Four Dimensions of Self-Leadership\" \/>\n<meta property=\"og:description\" content=\"Blog | Discover the four dimensions of self-leadership: cognitive, emotional, behavioral, and physical. Enhance personal growth &gt;&gt;\" \/>\n<meta property=\"og:url\" content=\"https:\/\/persolog.com\/pl\/blog\/the-4-dimensions-of-self-leadership\/\" \/>\n<meta property=\"og:site_name\" content=\"persolog Homepage\" \/>\n<meta property=\"article:publisher\" content=\"https:\/\/www.facebook.com\/persolog.persoenlichkeitsentwicklung\/?locale=de_DE\" \/>\n<meta property=\"article:published_time\" content=\"2011-05-05T07:25:35+00:00\" \/>\n<meta property=\"article:modified_time\" content=\"2024-04-24T07:08:26+00:00\" \/>\n<meta property=\"og:image\" content=\"https:\/\/persolog.com\/wp-content\/uploads\/2011\/05\/persolog_self-leadership-model-mit-copyright_background-1-scaled.jpg\" \/>\n\t<meta property=\"og:image:width\" content=\"2560\" \/>\n\t<meta property=\"og:image:height\" content=\"1131\" \/>\n\t<meta property=\"og:image:type\" content=\"image\/jpeg\" \/>\n<meta name=\"author\" content=\"persolog\" \/>\n<meta name=\"twitter:card\" content=\"summary_large_image\" \/>\n<meta name=\"twitter:label1\" content=\"Napisane przez\" \/>\n\t<meta name=\"twitter:data1\" content=\"persolog\" \/>\n\t<meta name=\"twitter:label2\" content=\"Szacowany czas czytania\" \/>\n\t<meta name=\"twitter:data2\" content=\"3 minuty\" \/>\n<script type=\"application\/ld+json\" class=\"yoast-schema-graph\">{\"@context\":\"https:\\\/\\\/schema.org\",\"@graph\":[{\"@type\":\"Article\",\"@id\":\"https:\\\/\\\/persolog.com\\\/blog\\\/the-4-dimensions-of-self-leadership\\\/#article\",\"isPartOf\":{\"@id\":\"https:\\\/\\\/persolog.com\\\/blog\\\/the-4-dimensions-of-self-leadership\\\/\"},\"author\":{\"name\":\"persolog\",\"@id\":\"https:\\\/\\\/persolog.com\\\/#\\\/schema\\\/person\\\/f281c4aed52bf5e01f0bb326bbcf1ae9\"},\"headline\":\"The Four Dimensions of Self-Leadership\",\"datePublished\":\"2011-05-05T07:25:35+00:00\",\"dateModified\":\"2024-04-24T07:08:26+00:00\",\"mainEntityOfPage\":{\"@id\":\"https:\\\/\\\/persolog.com\\\/blog\\\/the-4-dimensions-of-self-leadership\\\/\"},\"wordCount\":428,\"commentCount\":1,\"publisher\":{\"@id\":\"https:\\\/\\\/persolog.com\\\/#organization\"},\"image\":{\"@id\":\"https:\\\/\\\/persolog.com\\\/blog\\\/the-4-dimensions-of-self-leadership\\\/#primaryimage\"},\"thumbnailUrl\":\"https:\\\/\\\/persolog.com\\\/wp-content\\\/uploads\\\/2011\\\/05\\\/persolog_self-leadership-model-mit-copyright_background-1-scaled.jpg\",\"keywords\":[\"Dimensionen\",\"Selbstf\u00fchrung\",\"Selbstmanagement\"],\"articleSection\":[\"Self-Leadership\"],\"inLanguage\":\"pl-PL\",\"potentialAction\":[{\"@type\":\"CommentAction\",\"name\":\"Comment\",\"target\":[\"https:\\\/\\\/persolog.com\\\/blog\\\/the-4-dimensions-of-self-leadership\\\/#respond\"]}]},{\"@type\":\"WebPage\",\"@id\":\"https:\\\/\\\/persolog.com\\\/blog\\\/the-4-dimensions-of-self-leadership\\\/\",\"url\":\"https:\\\/\\\/persolog.com\\\/blog\\\/the-4-dimensions-of-self-leadership\\\/\",\"name\":\"The Four Dimensions of Self-Leadership \u2013 persolog Blog\",\"isPartOf\":{\"@id\":\"https:\\\/\\\/persolog.com\\\/#website\"},\"primaryImageOfPage\":{\"@id\":\"https:\\\/\\\/persolog.com\\\/blog\\\/the-4-dimensions-of-self-leadership\\\/#primaryimage\"},\"image\":{\"@id\":\"https:\\\/\\\/persolog.com\\\/blog\\\/the-4-dimensions-of-self-leadership\\\/#primaryimage\"},\"thumbnailUrl\":\"https:\\\/\\\/persolog.com\\\/wp-content\\\/uploads\\\/2011\\\/05\\\/persolog_self-leadership-model-mit-copyright_background-1-scaled.jpg\",\"datePublished\":\"2011-05-05T07:25:35+00:00\",\"dateModified\":\"2024-04-24T07:08:26+00:00\",\"description\":\"Blog | Discover the four dimensions of self-leadership: cognitive, emotional, behavioral, and physical. Enhance personal growth >>\",\"breadcrumb\":{\"@id\":\"https:\\\/\\\/persolog.com\\\/blog\\\/the-4-dimensions-of-self-leadership\\\/#breadcrumb\"},\"inLanguage\":\"pl-PL\",\"potentialAction\":[{\"@type\":\"ReadAction\",\"target\":[\"https:\\\/\\\/persolog.com\\\/blog\\\/the-4-dimensions-of-self-leadership\\\/\"]}]},{\"@type\":\"ImageObject\",\"inLanguage\":\"pl-PL\",\"@id\":\"https:\\\/\\\/persolog.com\\\/blog\\\/the-4-dimensions-of-self-leadership\\\/#primaryimage\",\"url\":\"https:\\\/\\\/persolog.com\\\/wp-content\\\/uploads\\\/2011\\\/05\\\/persolog_self-leadership-model-mit-copyright_background-1-scaled.jpg\",\"contentUrl\":\"https:\\\/\\\/persolog.com\\\/wp-content\\\/uploads\\\/2011\\\/05\\\/persolog_self-leadership-model-mit-copyright_background-1-scaled.jpg\",\"width\":2560,\"height\":1131,\"caption\":\"The Four Dimensions of Self-Leadership\"},{\"@type\":\"BreadcrumbList\",\"@id\":\"https:\\\/\\\/persolog.com\\\/blog\\\/the-4-dimensions-of-self-leadership\\\/#breadcrumb\",\"itemListElement\":[{\"@type\":\"ListItem\",\"position\":1,\"name\":\"Startseite\",\"item\":\"https:\\\/\\\/persolog.com\\\/\"},{\"@type\":\"ListItem\",\"position\":2,\"name\":\"The Four Dimensions of Self-Leadership\"}]},{\"@type\":\"WebSite\",\"@id\":\"https:\\\/\\\/persolog.com\\\/#website\",\"url\":\"https:\\\/\\\/persolog.com\\\/\",\"name\":\"persolog\u00ae Homepage\",\"description\":\"Develop organizations through people\",\"publisher\":{\"@id\":\"https:\\\/\\\/persolog.com\\\/#organization\"},\"potentialAction\":[{\"@type\":\"SearchAction\",\"target\":{\"@type\":\"EntryPoint\",\"urlTemplate\":\"https:\\\/\\\/persolog.com\\\/?s={search_term_string}\"},\"query-input\":{\"@type\":\"PropertyValueSpecification\",\"valueRequired\":true,\"valueName\":\"search_term_string\"}}],\"inLanguage\":\"pl-PL\"},{\"@type\":\"Organization\",\"@id\":\"https:\\\/\\\/persolog.com\\\/#organization\",\"name\":\"persolog\u00ae GmbH\",\"url\":\"https:\\\/\\\/persolog.com\\\/\",\"logo\":{\"@type\":\"ImageObject\",\"inLanguage\":\"pl-PL\",\"@id\":\"https:\\\/\\\/persolog.com\\\/#\\\/schema\\\/logo\\\/image\\\/\",\"url\":\"https:\\\/\\\/persolog.com\\\/wp-content\\\/uploads\\\/2023\\\/05\\\/persolog-logo-refreshed.svg\",\"contentUrl\":\"https:\\\/\\\/persolog.com\\\/wp-content\\\/uploads\\\/2023\\\/05\\\/persolog-logo-refreshed.svg\",\"width\":150,\"height\":36,\"caption\":\"persolog\u00ae GmbH\"},\"image\":{\"@id\":\"https:\\\/\\\/persolog.com\\\/#\\\/schema\\\/logo\\\/image\\\/\"},\"sameAs\":[\"https:\\\/\\\/www.facebook.com\\\/persolog.persoenlichkeitsentwicklung\\\/?locale=de_DE\",\"https:\\\/\\\/de.linkedin.com\\\/company\\\/persolog-gmbh\",\"https:\\\/\\\/www.instagram.com\\\/persolog_\\\/\"]},{\"@type\":\"Person\",\"@id\":\"https:\\\/\\\/persolog.com\\\/#\\\/schema\\\/person\\\/f281c4aed52bf5e01f0bb326bbcf1ae9\",\"name\":\"persolog\",\"image\":{\"@type\":\"ImageObject\",\"inLanguage\":\"pl-PL\",\"@id\":\"https:\\\/\\\/secure.gravatar.com\\\/avatar\\\/8d3c2ef17d98a8e797c08436ef32e8a53835586b17d59f2d2d5ff5616a3e7055?s=96&d=identicon&r=g\",\"url\":\"https:\\\/\\\/secure.gravatar.com\\\/avatar\\\/8d3c2ef17d98a8e797c08436ef32e8a53835586b17d59f2d2d5ff5616a3e7055?s=96&d=identicon&r=g\",\"contentUrl\":\"https:\\\/\\\/secure.gravatar.com\\\/avatar\\\/8d3c2ef17d98a8e797c08436ef32e8a53835586b17d59f2d2d5ff5616a3e7055?s=96&d=identicon&r=g\",\"caption\":\"persolog\"},\"sameAs\":[\"https:\\\/\\\/rev-proxy-other.prod.persolog.online\"],\"url\":\"https:\\\/\\\/persolog.com\\\/pl\\\/blog\\\/author\\\/persolog\\\/\"}]}<\/script>\n<!-- \/ Yoast SEO Premium plugin. -->","yoast_head_json":{"title":"Cztery wymiary samoprzyw\u00f3dztwa - blog persolog","description":"Blog | Odkryj cztery wymiary przyw\u00f3dztwa: poznawczy, emocjonalny, behawioralny i fizyczny. Zwi\u0119kszenie rozwoju osobistego &gt;&gt;","robots":{"index":"index","follow":"follow","max-snippet":"max-snippet:-1","max-image-preview":"max-image-preview:large","max-video-preview":"max-video-preview:-1"},"canonical":"https:\/\/persolog.com\/pl\/blog\/the-4-dimensions-of-self-leadership\/","og_locale":"pl_PL","og_type":"article","og_title":"The Four Dimensions of Self-Leadership","og_description":"Blog | Discover the four dimensions of self-leadership: cognitive, emotional, behavioral, and physical. Enhance personal growth >>","og_url":"https:\/\/persolog.com\/pl\/blog\/the-4-dimensions-of-self-leadership\/","og_site_name":"persolog Homepage","article_publisher":"https:\/\/www.facebook.com\/persolog.persoenlichkeitsentwicklung\/?locale=de_DE","article_published_time":"2011-05-05T07:25:35+00:00","article_modified_time":"2024-04-24T07:08:26+00:00","og_image":[{"width":2560,"height":1131,"url":"https:\/\/persolog.com\/wp-content\/uploads\/2011\/05\/persolog_self-leadership-model-mit-copyright_background-1-scaled.jpg","type":"image\/jpeg"}],"author":"persolog","twitter_card":"summary_large_image","twitter_misc":{"Napisane przez":"persolog","Szacowany czas czytania":"3 minuty"},"schema":{"@context":"https:\/\/schema.org","@graph":[{"@type":"Article","@id":"https:\/\/persolog.com\/blog\/the-4-dimensions-of-self-leadership\/#article","isPartOf":{"@id":"https:\/\/persolog.com\/blog\/the-4-dimensions-of-self-leadership\/"},"author":{"name":"persolog","@id":"https:\/\/persolog.com\/#\/schema\/person\/f281c4aed52bf5e01f0bb326bbcf1ae9"},"headline":"The Four Dimensions of Self-Leadership","datePublished":"2011-05-05T07:25:35+00:00","dateModified":"2024-04-24T07:08:26+00:00","mainEntityOfPage":{"@id":"https:\/\/persolog.com\/blog\/the-4-dimensions-of-self-leadership\/"},"wordCount":428,"commentCount":1,"publisher":{"@id":"https:\/\/persolog.com\/#organization"},"image":{"@id":"https:\/\/persolog.com\/blog\/the-4-dimensions-of-self-leadership\/#primaryimage"},"thumbnailUrl":"https:\/\/persolog.com\/wp-content\/uploads\/2011\/05\/persolog_self-leadership-model-mit-copyright_background-1-scaled.jpg","keywords":["Dimensionen","Selbstf\u00fchrung","Selbstmanagement"],"articleSection":["Self-Leadership"],"inLanguage":"pl-PL","potentialAction":[{"@type":"CommentAction","name":"Comment","target":["https:\/\/persolog.com\/blog\/the-4-dimensions-of-self-leadership\/#respond"]}]},{"@type":"WebPage","@id":"https:\/\/persolog.com\/blog\/the-4-dimensions-of-self-leadership\/","url":"https:\/\/persolog.com\/blog\/the-4-dimensions-of-self-leadership\/","name":"Cztery wymiary samoprzyw\u00f3dztwa - blog persolog","isPartOf":{"@id":"https:\/\/persolog.com\/#website"},"primaryImageOfPage":{"@id":"https:\/\/persolog.com\/blog\/the-4-dimensions-of-self-leadership\/#primaryimage"},"image":{"@id":"https:\/\/persolog.com\/blog\/the-4-dimensions-of-self-leadership\/#primaryimage"},"thumbnailUrl":"https:\/\/persolog.com\/wp-content\/uploads\/2011\/05\/persolog_self-leadership-model-mit-copyright_background-1-scaled.jpg","datePublished":"2011-05-05T07:25:35+00:00","dateModified":"2024-04-24T07:08:26+00:00","description":"Blog | Odkryj cztery wymiary przyw\u00f3dztwa: poznawczy, emocjonalny, behawioralny i fizyczny. Zwi\u0119kszenie rozwoju osobistego &gt;&gt;","breadcrumb":{"@id":"https:\/\/persolog.com\/blog\/the-4-dimensions-of-self-leadership\/#breadcrumb"},"inLanguage":"pl-PL","potentialAction":[{"@type":"ReadAction","target":["https:\/\/persolog.com\/blog\/the-4-dimensions-of-self-leadership\/"]}]},{"@type":"ImageObject","inLanguage":"pl-PL","@id":"https:\/\/persolog.com\/blog\/the-4-dimensions-of-self-leadership\/#primaryimage","url":"https:\/\/persolog.com\/wp-content\/uploads\/2011\/05\/persolog_self-leadership-model-mit-copyright_background-1-scaled.jpg","contentUrl":"https:\/\/persolog.com\/wp-content\/uploads\/2011\/05\/persolog_self-leadership-model-mit-copyright_background-1-scaled.jpg","width":2560,"height":1131,"caption":"The Four Dimensions of Self-Leadership"},{"@type":"BreadcrumbList","@id":"https:\/\/persolog.com\/blog\/the-4-dimensions-of-self-leadership\/#breadcrumb","itemListElement":[{"@type":"ListItem","position":1,"name":"Startseite","item":"https:\/\/persolog.com\/"},{"@type":"ListItem","position":2,"name":"The Four Dimensions of Self-Leadership"}]},{"@type":"WebSite","@id":"https:\/\/persolog.com\/#website","url":"https:\/\/persolog.com\/","name":"Strona g\u0142\u00f3wna persolog\u00ae","description":"Rozwijaj organizacje poprzez ludzi","publisher":{"@id":"https:\/\/persolog.com\/#organization"},"potentialAction":[{"@type":"SearchAction","target":{"@type":"EntryPoint","urlTemplate":"https:\/\/persolog.com\/?s={search_term_string}"},"query-input":{"@type":"PropertyValueSpecification","valueRequired":true,"valueName":"search_term_string"}}],"inLanguage":"pl-PL"},{"@type":"Organization","@id":"https:\/\/persolog.com\/#organization","name":"persolog\u00ae GmbH","url":"https:\/\/persolog.com\/","logo":{"@type":"ImageObject","inLanguage":"pl-PL","@id":"https:\/\/persolog.com\/#\/schema\/logo\/image\/","url":"https:\/\/persolog.com\/wp-content\/uploads\/2023\/05\/persolog-logo-refreshed.svg","contentUrl":"https:\/\/persolog.com\/wp-content\/uploads\/2023\/05\/persolog-logo-refreshed.svg","width":150,"height":36,"caption":"persolog\u00ae GmbH"},"image":{"@id":"https:\/\/persolog.com\/#\/schema\/logo\/image\/"},"sameAs":["https:\/\/www.facebook.com\/persolog.persoenlichkeitsentwicklung\/?locale=de_DE","https:\/\/de.linkedin.com\/company\/persolog-gmbh","https:\/\/www.instagram.com\/persolog_\/"]},{"@type":"Person","@id":"https:\/\/persolog.com\/#\/schema\/person\/f281c4aed52bf5e01f0bb326bbcf1ae9","name":"persolog","image":{"@type":"ImageObject","inLanguage":"pl-PL","@id":"https:\/\/secure.gravatar.com\/avatar\/8d3c2ef17d98a8e797c08436ef32e8a53835586b17d59f2d2d5ff5616a3e7055?s=96&d=identicon&r=g","url":"https:\/\/secure.gravatar.com\/avatar\/8d3c2ef17d98a8e797c08436ef32e8a53835586b17d59f2d2d5ff5616a3e7055?s=96&d=identicon&r=g","contentUrl":"https:\/\/secure.gravatar.com\/avatar\/8d3c2ef17d98a8e797c08436ef32e8a53835586b17d59f2d2d5ff5616a3e7055?s=96&d=identicon&r=g","caption":"persolog"},"sameAs":["https:\/\/rev-proxy-other.prod.persolog.online"],"url":"https:\/\/persolog.com\/pl\/blog\/author\/persolog\/"}]}},"_links":{"self":[{"href":"https:\/\/persolog.com\/pl\/wp-json\/wp\/v2\/posts\/19640","targetHints":{"allow":["GET"]}}],"collection":[{"href":"https:\/\/persolog.com\/pl\/wp-json\/wp\/v2\/posts"}],"about":[{"href":"https:\/\/persolog.com\/pl\/wp-json\/wp\/v2\/types\/post"}],"author":[{"embeddable":true,"href":"https:\/\/persolog.com\/pl\/wp-json\/wp\/v2\/users\/1"}],"replies":[{"embeddable":true,"href":"https:\/\/persolog.com\/pl\/wp-json\/wp\/v2\/comments?post=19640"}],"version-history":[{"count":16,"href":"https:\/\/persolog.com\/pl\/wp-json\/wp\/v2\/posts\/19640\/revisions"}],"predecessor-version":[{"id":26179,"href":"https:\/\/persolog.com\/pl\/wp-json\/wp\/v2\/posts\/19640\/revisions\/26179"}],"wp:featuredmedia":[{"embeddable":true,"href":"https:\/\/persolog.com\/pl\/wp-json\/wp\/v2\/media\/26229"}],"wp:attachment":[{"href":"https:\/\/persolog.com\/pl\/wp-json\/wp\/v2\/media?parent=19640"}],"wp:term":[{"taxonomy":"category","embeddable":true,"href":"https:\/\/persolog.com\/pl\/wp-json\/wp\/v2\/categories?post=19640"},{"taxonomy":"post_tag","embeddable":true,"href":"https:\/\/persolog.com\/pl\/wp-json\/wp\/v2\/tags?post=19640"}],"curies":[{"name":"wp","href":"https:\/\/api.w.org\/{rel}","templated":true}]}}